{"id":3950,"date":"2022-05-02T09:27:08","date_gmt":"2022-05-02T09:27:08","guid":{"rendered":"https:\/\/www.pernici.com\/cereria-pernici-recompensee-aux-b2b-beauty-to-business-awards-2022\/"},"modified":"2022-05-02T09:27:08","modified_gmt":"2022-05-02T09:27:08","slug":"cereria-pernici-recompensee-aux-b2b-beauty-to-business-awards-2022","status":"publish","type":"post","link":"https:\/\/www.pernici.com\/fr\/cereria-pernici-recompensee-aux-b2b-beauty-to-business-awards-2022\/","title":{"rendered":"Cereria Pernici r\u00e9compens\u00e9e aux B2B Beauty To Business Awards 2022"},"content":{"rendered":"<div dir=\"auto\">Jeudi 28 avril<em> <a class=\"oajrlxb2 g5ia77u1 qu0x051f esr5mh6w e9989ue4 r7d6kgcz rq0escxv nhd2j8a9 nc684nl6 p7hjln8o kvgmc6g5 cxmmr5t8 oygrvhab hcukyx3x jb3vyjys rz4wbd8a qt6c0cv9 a8nywdso i1ao9s8h esuyzwwr f1sip0of lzcic4wl gpro0wi8 q66pz984 b1v8xokw\" role=\"link\" href=\"https:\/\/www.facebook.com\/cereriapernici\/?__cft__%5B0%5D=AZVNJhcS2Gh5tlbwuXpsAONjjKIDrrFEcYgBLmgBnJEK2NvL684shri1dY7Y2x8vZbWOxnobUdlywaS51Kcq34p6hYusjxZ8iT0msqYDqFdb5iepq-MdmbmdCY7d1e26Fim0vU3CbaMBcbpoEMTazYYtGEh1UjkSAwEEM8-C7tvzmeUFrcVErwupA5w41NM-6Ig&amp;__tn__=kK-R\"><span class=\"nc684nl6\">Cereria Pernici<\/span><\/a><\/em> avec XMAS Capsule a remport\u00e9 le prix du \u00ab\u00a0Meilleur design d&#8217;emballage\u00a0\u00bb au salon <em><a class=\"oajrlxb2 g5ia77u1 qu0x051f esr5mh6w e9989ue4 r7d6kgcz rq0escxv nhd2j8a9 nc684nl6 p7hjln8o kvgmc6g5 cxmmr5t8 oygrvhab hcukyx3x jb3vyjys rz4wbd8a qt6c0cv9 a8nywdso i1ao9s8h esuyzwwr f1sip0of lzcic4wl gpro0wi8 q66pz984 b1v8xokw\" role=\"link\" href=\"https:\/\/www.facebook.com\/B2B-Beauty-To-Business-106428904990876\/?__cft__%5B0%5D=AZVNJhcS2Gh5tlbwuXpsAONjjKIDrrFEcYgBLmgBnJEK2NvL684shri1dY7Y2x8vZbWOxnobUdlywaS51Kcq34p6hYusjxZ8iT0msqYDqFdb5iepq-MdmbmdCY7d1e26Fim0vU3CbaMBcbpoEMTazYYtGEh1UjkSAwEEM8-C7tvzmeUFrcVErwupA5w41NM-6Ig&amp;__tn__=kK-R\"><span class=\"nc684nl6\">B2B Beauty To Business<\/span><\/a><\/em> Awards 2022, les prix d&rsquo;excellence organis\u00e9s par Edizioni Turbo by Tespi Mediagroup et d\u00e9cern\u00e9s par le monde de la distribution aux entreprises qui se sont distingu\u00e9es dans la conception et la r\u00e9alisation d&rsquo;activit\u00e9s de marketing et de communication.<\/div>\n<div dir=\"auto\">\n<div dir=\"auto\">Dernier week-end <em><a class=\"oajrlxb2 g5ia77u1 qu0x051f esr5mh6w e9989ue4 r7d6kgcz rq0escxv nhd2j8a9 nc684nl6 p7hjln8o kvgmc6g5 cxmmr5t8 oygrvhab hcukyx3x jb3vyjys rz4wbd8a qt6c0cv9 a8nywdso i1ao9s8h esuyzwwr f1sip0of lzcic4wl gpro0wi8 q66pz984 b1v8xokw\" role=\"link\" href=\"https:\/\/www.facebook.com\/cereriapernici\/?__cft__%5B0%5D=AZVNJhcS2Gh5tlbwuXpsAONjjKIDrrFEcYgBLmgBnJEK2NvL684shri1dY7Y2x8vZbWOxnobUdlywaS51Kcq34p6hYusjxZ8iT0msqYDqFdb5iepq-MdmbmdCY7d1e26Fim0vU3CbaMBcbpoEMTazYYtGEh1UjkSAwEEM8-C7tvzmeUFrcVErwupA5w41NM-6Ig&amp;__tn__=kK-R\"><span class=\"nc684nl6\">Cereria Pernici <\/span><\/a><\/em>a \u00e9galement particip\u00e9 au salon<em><a class=\"oajrlxb2 g5ia77u1 qu0x051f esr5mh6w e9989ue4 r7d6kgcz rq0escxv nhd2j8a9 nc684nl6 p7hjln8o kvgmc6g5 cxmmr5t8 oygrvhab hcukyx3x jb3vyjys rz4wbd8a qt6c0cv9 a8nywdso i1ao9s8h esuyzwwr f1sip0of lzcic4wl gpro0wi8 q66pz984 b1v8xokw\" role=\"link\" href=\"https:\/\/www.facebook.com\/Cosmoprofww\/?__cft__%5B0%5D=AZVNJhcS2Gh5tlbwuXpsAONjjKIDrrFEcYgBLmgBnJEK2NvL684shri1dY7Y2x8vZbWOxnobUdlywaS51Kcq34p6hYusjxZ8iT0msqYDqFdb5iepq-MdmbmdCY7d1e26Fim0vU3CbaMBcbpoEMTazYYtGEh1UjkSAwEEM8-C7tvzmeUFrcVErwupA5w41NM-6Ig&amp;__tn__=kK-R\"><span class=\"nc684nl6\">Cosmoprof Worldwide Bologna<\/span><\/a><\/em> o\u00f9 elle a pr\u00e9sent\u00e9 ses lignes de produits et le nouveau logo cr\u00e9\u00e9 pour c\u00e9l\u00e9brer le 130e anniversaire de l&rsquo;entreprise.<\/div>\n<div dir=\"auto\">Remerciements \u00e0<em><a class=\"oajrlxb2 g5ia77u1 qu0x051f esr5mh6w e9989ue4 r7d6kgcz rq0escxv nhd2j8a9 nc684nl6 p7hjln8o kvgmc6g5 cxmmr5t8 oygrvhab hcukyx3x jb3vyjys rz4wbd8a qt6c0cv9 a8nywdso i1ao9s8h esuyzwwr f1sip0of lzcic4wl gpro0wi8 q66pz984 b1v8xokw\" role=\"link\" href=\"https:\/\/www.facebook.com\/profile.php?id=100054431743153&amp;__cft__%5B0%5D=AZVNJhcS2Gh5tlbwuXpsAONjjKIDrrFEcYgBLmgBnJEK2NvL684shri1dY7Y2x8vZbWOxnobUdlywaS51Kcq34p6hYusjxZ8iT0msqYDqFdb5iepq-MdmbmdCY7d1e26Fim0vU3CbaMBcbpoEMTazYYtGEh1UjkSAwEEM8-C7tvzmeUFrcVErwupA5w41NM-6Ig&amp;__tn__=-%5DK-R\"><span class=\"nc684nl6\">ANTONIO DE MARCO STUDIO<\/span><\/a><\/em><\/div>\n<\/div>\n<div dir=\"auto\"><\/div>\n<div dir=\"auto\">https:\/\/youtu.be\/cXy1eUKAD-8<\/div>\n<div dir=\"auto\"><\/div>\n<div dir=\"auto\"><\/div>\n","protected":false},"excerpt":{"rendered":"<p>Jeudi 28 avril Cereria Pernici avec XMAS Capsule a remport\u00e9 le prix du \u00ab\u00a0Meilleur design d&#8217;emballage\u00a0\u00bb au salon B2B Beauty To Business Awards 2022, les prix d&rsquo;excellence organis\u00e9s par Edizioni Turbo by Tespi Mediagroup et d\u00e9cern\u00e9s par le monde de la distribution aux entreprises qui se sont distingu\u00e9es dans la conception et la r\u00e9alisation d&rsquo;activit\u00e9s [&hellip;]<\/p>\n","protected":false},"author":4,"featured_media":4667,"comment_status":"closed","ping_status":"closed","sticky":false,"template":"","format":"standard","meta":{"_acf_changed":false,"footnotes":""},"categories":[85],"tags":[],"class_list":["post-3950","post","type-post","status-publish","format-standard","has-post-thumbnail","hentry","category-actualites"],"acf":[],"yoast_head":"<!-- This site is optimized with the Yoast SEO plugin v27.4 - https:\/\/yoast.com\/product\/yoast-seo-wordpress\/ -->\n<title>Cereria Pernici r\u00e9compens\u00e9e aux B2B Beauty To Business Awards 2022 - Cereria Pernici<\/title>\n<meta name=\"robots\" content=\"index, follow, max-snippet:-1, max-image-preview:large, max-video-preview:-1\" \/>\n<link rel=\"canonical\" href=\"https:\/\/www.pernici.com\/fr\/cereria-pernici-recompensee-aux-b2b-beauty-to-business-awards-2022\/\" \/>\n<meta property=\"og:locale\" content=\"fr_FR\" \/>\n<meta property=\"og:type\" content=\"article\" \/>\n<meta property=\"og:title\" content=\"Cereria Pernici r\u00e9compens\u00e9e aux B2B Beauty To Business Awards 2022 - Cereria Pernici\" \/>\n<meta property=\"og:description\" content=\"Jeudi 28 avril Cereria Pernici avec XMAS Capsule a remport\u00e9 le prix du \u00ab\u00a0Meilleur design d&#8217;emballage\u00a0\u00bb au salon B2B Beauty To Business Awards 2022, les prix d&rsquo;excellence organis\u00e9s par Edizioni Turbo by Tespi Mediagroup et d\u00e9cern\u00e9s par le monde de la distribution aux entreprises qui se sont distingu\u00e9es dans la conception et la r\u00e9alisation d&rsquo;activit\u00e9s [&hellip;]\" \/>\n<meta property=\"og:url\" content=\"https:\/\/www.pernici.com\/fr\/cereria-pernici-recompensee-aux-b2b-beauty-to-business-awards-2022\/\" \/>\n<meta property=\"og:site_name\" content=\"Cereria Pernici\" \/>\n<meta property=\"article:publisher\" content=\"https:\/\/www.facebook.com\/cereriapernici\" \/>\n<meta property=\"article:published_time\" content=\"2022-05-02T09:27:08+00:00\" \/>\n<meta property=\"og:image\" content=\"https:\/\/www.pernici.com\/wp-content\/uploads\/2025\/07\/logo_pernici.png\" \/>\n\t<meta property=\"og:image:width\" content=\"432\" \/>\n\t<meta property=\"og:image:height\" content=\"189\" \/>\n\t<meta property=\"og:image:type\" content=\"image\/png\" \/>\n<meta name=\"author\" content=\"Cereria Pernici\" \/>\n<meta name=\"twitter:card\" content=\"summary_large_image\" \/>\n<meta name=\"twitter:label1\" content=\"\u00c9crit par\" \/>\n\t<meta name=\"twitter:data1\" content=\"Cereria Pernici\" \/>\n\t<meta name=\"twitter:label2\" content=\"Dur\u00e9e de lecture estim\u00e9e\" \/>\n\t<meta name=\"twitter:data2\" content=\"1 minute\" \/>\n<script type=\"application\/ld+json\" class=\"yoast-schema-graph\">{\"@context\":\"https:\\\/\\\/schema.org\",\"@graph\":[{\"@type\":[\"Article\",\"BlogPosting\"],\"@id\":\"https:\\\/\\\/www.pernici.com\\\/fr\\\/cereria-pernici-recompensee-aux-b2b-beauty-to-business-awards-2022\\\/#article\",\"isPartOf\":{\"@id\":\"https:\\\/\\\/www.pernici.com\\\/fr\\\/cereria-pernici-recompensee-aux-b2b-beauty-to-business-awards-2022\\\/\"},\"author\":{\"name\":\"Cereria Pernici\",\"@id\":\"https:\\\/\\\/www.pernici.com\\\/fr\\\/#\\\/schema\\\/person\\\/6fa82366495db82478d05eecd1e0c51a\"},\"headline\":\"Cereria Pernici r\u00e9compens\u00e9e aux B2B Beauty To Business Awards 2022\",\"datePublished\":\"2022-05-02T09:27:08+00:00\",\"mainEntityOfPage\":{\"@id\":\"https:\\\/\\\/www.pernici.com\\\/fr\\\/cereria-pernici-recompensee-aux-b2b-beauty-to-business-awards-2022\\\/\"},\"wordCount\":126,\"publisher\":{\"@id\":\"https:\\\/\\\/www.pernici.com\\\/fr\\\/#organization\"},\"image\":{\"@id\":\"https:\\\/\\\/www.pernici.com\\\/fr\\\/cereria-pernici-recompensee-aux-b2b-beauty-to-business-awards-2022\\\/#primaryimage\"},\"thumbnailUrl\":\"https:\\\/\\\/www.pernici.com\\\/wp-content\\\/uploads\\\/2022\\\/05\\\/1651482715310_blog-scaled.jpg\",\"articleSection\":[\"Actualit\u00e9s\"],\"inLanguage\":\"fr-FR\"},{\"@type\":\"WebPage\",\"@id\":\"https:\\\/\\\/www.pernici.com\\\/fr\\\/cereria-pernici-recompensee-aux-b2b-beauty-to-business-awards-2022\\\/\",\"url\":\"https:\\\/\\\/www.pernici.com\\\/fr\\\/cereria-pernici-recompensee-aux-b2b-beauty-to-business-awards-2022\\\/\",\"name\":\"Cereria Pernici r\u00e9compens\u00e9e aux B2B Beauty To Business Awards 2022 - Cereria Pernici\",\"isPartOf\":{\"@id\":\"https:\\\/\\\/www.pernici.com\\\/fr\\\/#website\"},\"primaryImageOfPage\":{\"@id\":\"https:\\\/\\\/www.pernici.com\\\/fr\\\/cereria-pernici-recompensee-aux-b2b-beauty-to-business-awards-2022\\\/#primaryimage\"},\"image\":{\"@id\":\"https:\\\/\\\/www.pernici.com\\\/fr\\\/cereria-pernici-recompensee-aux-b2b-beauty-to-business-awards-2022\\\/#primaryimage\"},\"thumbnailUrl\":\"https:\\\/\\\/www.pernici.com\\\/wp-content\\\/uploads\\\/2022\\\/05\\\/1651482715310_blog-scaled.jpg\",\"datePublished\":\"2022-05-02T09:27:08+00:00\",\"breadcrumb\":{\"@id\":\"https:\\\/\\\/www.pernici.com\\\/fr\\\/cereria-pernici-recompensee-aux-b2b-beauty-to-business-awards-2022\\\/#breadcrumb\"},\"inLanguage\":\"fr-FR\",\"potentialAction\":[{\"@type\":\"ReadAction\",\"target\":[\"https:\\\/\\\/www.pernici.com\\\/fr\\\/cereria-pernici-recompensee-aux-b2b-beauty-to-business-awards-2022\\\/\"]}]},{\"@type\":\"ImageObject\",\"inLanguage\":\"fr-FR\",\"@id\":\"https:\\\/\\\/www.pernici.com\\\/fr\\\/cereria-pernici-recompensee-aux-b2b-beauty-to-business-awards-2022\\\/#primaryimage\",\"url\":\"https:\\\/\\\/www.pernici.com\\\/wp-content\\\/uploads\\\/2022\\\/05\\\/1651482715310_blog-scaled.jpg\",\"contentUrl\":\"https:\\\/\\\/www.pernici.com\\\/wp-content\\\/uploads\\\/2022\\\/05\\\/1651482715310_blog-scaled.jpg\",\"width\":2560,\"height\":1144},{\"@type\":\"BreadcrumbList\",\"@id\":\"https:\\\/\\\/www.pernici.com\\\/fr\\\/cereria-pernici-recompensee-aux-b2b-beauty-to-business-awards-2022\\\/#breadcrumb\",\"itemListElement\":[{\"@type\":\"ListItem\",\"position\":1,\"name\":\"Accueil\",\"item\":\"https:\\\/\\\/www.pernici.com\\\/fr\\\/\"},{\"@type\":\"ListItem\",\"position\":2,\"name\":\"Cereria Pernici r\u00e9compens\u00e9e aux B2B Beauty To Business Awards 2022\"}]},{\"@type\":\"WebSite\",\"@id\":\"https:\\\/\\\/www.pernici.com\\\/fr\\\/#website\",\"url\":\"https:\\\/\\\/www.pernici.com\\\/fr\\\/\",\"name\":\"Cereria Pernici Shop\",\"description\":\"una candela non illumina soltanto: racconta chi sei \",\"publisher\":{\"@id\":\"https:\\\/\\\/www.pernici.com\\\/fr\\\/#organization\"},\"potentialAction\":[{\"@type\":\"SearchAction\",\"target\":{\"@type\":\"EntryPoint\",\"urlTemplate\":\"https:\\\/\\\/www.pernici.com\\\/fr\\\/?s={search_term_string}\"},\"query-input\":{\"@type\":\"PropertyValueSpecification\",\"valueRequired\":true,\"valueName\":\"search_term_string\"}}],\"inLanguage\":\"fr-FR\"},{\"@type\":\"Organization\",\"@id\":\"https:\\\/\\\/www.pernici.com\\\/fr\\\/#organization\",\"name\":\"Cereria Pernici Shop\",\"url\":\"https:\\\/\\\/www.pernici.com\\\/fr\\\/\",\"logo\":{\"@type\":\"ImageObject\",\"inLanguage\":\"fr-FR\",\"@id\":\"https:\\\/\\\/www.pernici.com\\\/fr\\\/#\\\/schema\\\/logo\\\/image\\\/\",\"url\":\"https:\\\/\\\/www.pernici.com\\\/wp-content\\\/uploads\\\/2025\\\/07\\\/logo_pernici.png\",\"contentUrl\":\"https:\\\/\\\/www.pernici.com\\\/wp-content\\\/uploads\\\/2025\\\/07\\\/logo_pernici.png\",\"width\":432,\"height\":189,\"caption\":\"Cereria Pernici Shop\"},\"image\":{\"@id\":\"https:\\\/\\\/www.pernici.com\\\/fr\\\/#\\\/schema\\\/logo\\\/image\\\/\"},\"sameAs\":[\"https:\\\/\\\/www.facebook.com\\\/cereriapernici\",\"https:\\\/\\\/www.instagram.com\\\/cereriapernici\\\/\"]},{\"@type\":\"Person\",\"@id\":\"https:\\\/\\\/www.pernici.com\\\/fr\\\/#\\\/schema\\\/person\\\/6fa82366495db82478d05eecd1e0c51a\",\"name\":\"Cereria Pernici\",\"image\":{\"@type\":\"ImageObject\",\"inLanguage\":\"fr-FR\",\"@id\":\"https:\\\/\\\/www.pernici.com\\\/wp-content\\\/litespeed\\\/avatar\\\/b112ab9a1dddb382f09be13970ab4efd.jpg?ver=1777283432\",\"url\":\"https:\\\/\\\/www.pernici.com\\\/wp-content\\\/litespeed\\\/avatar\\\/b112ab9a1dddb382f09be13970ab4efd.jpg?ver=1777283432\",\"contentUrl\":\"https:\\\/\\\/www.pernici.com\\\/wp-content\\\/litespeed\\\/avatar\\\/b112ab9a1dddb382f09be13970ab4efd.jpg?ver=1777283432\",\"caption\":\"Cereria Pernici\"},\"url\":\"https:\\\/\\\/www.pernici.com\\\/fr\\\/author\\\/cereria-pernici\\\/\"}]}<\/script>\n<!-- \/ Yoast SEO plugin. -->","yoast_head_json":{"title":"Cereria Pernici r\u00e9compens\u00e9e aux B2B Beauty To Business Awards 2022 - Cereria Pernici","robots":{"index":"index","follow":"follow","max-snippet":"max-snippet:-1","max-image-preview":"max-image-preview:large","max-video-preview":"max-video-preview:-1"},"canonical":"https:\/\/www.pernici.com\/fr\/cereria-pernici-recompensee-aux-b2b-beauty-to-business-awards-2022\/","og_locale":"fr_FR","og_type":"article","og_title":"Cereria Pernici r\u00e9compens\u00e9e aux B2B Beauty To Business Awards 2022 - Cereria Pernici","og_description":"Jeudi 28 avril Cereria Pernici avec XMAS Capsule a remport\u00e9 le prix du \u00ab\u00a0Meilleur design d&#8217;emballage\u00a0\u00bb au salon B2B Beauty To Business Awards 2022, les prix d&rsquo;excellence organis\u00e9s par Edizioni Turbo by Tespi Mediagroup et d\u00e9cern\u00e9s par le monde de la distribution aux entreprises qui se sont distingu\u00e9es dans la conception et la r\u00e9alisation d&rsquo;activit\u00e9s [&hellip;]","og_url":"https:\/\/www.pernici.com\/fr\/cereria-pernici-recompensee-aux-b2b-beauty-to-business-awards-2022\/","og_site_name":"Cereria Pernici","article_publisher":"https:\/\/www.facebook.com\/cereriapernici","article_published_time":"2022-05-02T09:27:08+00:00","og_image":[{"width":432,"height":189,"url":"https:\/\/www.pernici.com\/wp-content\/uploads\/2025\/07\/logo_pernici.png","type":"image\/png"}],"author":"Cereria Pernici","twitter_card":"summary_large_image","twitter_misc":{"\u00c9crit par":"Cereria Pernici","Dur\u00e9e de lecture estim\u00e9e":"1 minute"},"schema":{"@context":"https:\/\/schema.org","@graph":[{"@type":["Article","BlogPosting"],"@id":"https:\/\/www.pernici.com\/fr\/cereria-pernici-recompensee-aux-b2b-beauty-to-business-awards-2022\/#article","isPartOf":{"@id":"https:\/\/www.pernici.com\/fr\/cereria-pernici-recompensee-aux-b2b-beauty-to-business-awards-2022\/"},"author":{"name":"Cereria Pernici","@id":"https:\/\/www.pernici.com\/fr\/#\/schema\/person\/6fa82366495db82478d05eecd1e0c51a"},"headline":"Cereria Pernici r\u00e9compens\u00e9e aux B2B Beauty To Business Awards 2022","datePublished":"2022-05-02T09:27:08+00:00","mainEntityOfPage":{"@id":"https:\/\/www.pernici.com\/fr\/cereria-pernici-recompensee-aux-b2b-beauty-to-business-awards-2022\/"},"wordCount":126,"publisher":{"@id":"https:\/\/www.pernici.com\/fr\/#organization"},"image":{"@id":"https:\/\/www.pernici.com\/fr\/cereria-pernici-recompensee-aux-b2b-beauty-to-business-awards-2022\/#primaryimage"},"thumbnailUrl":"https:\/\/www.pernici.com\/wp-content\/uploads\/2022\/05\/1651482715310_blog-scaled.jpg","articleSection":["Actualit\u00e9s"],"inLanguage":"fr-FR"},{"@type":"WebPage","@id":"https:\/\/www.pernici.com\/fr\/cereria-pernici-recompensee-aux-b2b-beauty-to-business-awards-2022\/","url":"https:\/\/www.pernici.com\/fr\/cereria-pernici-recompensee-aux-b2b-beauty-to-business-awards-2022\/","name":"Cereria Pernici r\u00e9compens\u00e9e aux B2B Beauty To Business Awards 2022 - Cereria Pernici","isPartOf":{"@id":"https:\/\/www.pernici.com\/fr\/#website"},"primaryImageOfPage":{"@id":"https:\/\/www.pernici.com\/fr\/cereria-pernici-recompensee-aux-b2b-beauty-to-business-awards-2022\/#primaryimage"},"image":{"@id":"https:\/\/www.pernici.com\/fr\/cereria-pernici-recompensee-aux-b2b-beauty-to-business-awards-2022\/#primaryimage"},"thumbnailUrl":"https:\/\/www.pernici.com\/wp-content\/uploads\/2022\/05\/1651482715310_blog-scaled.jpg","datePublished":"2022-05-02T09:27:08+00:00","breadcrumb":{"@id":"https:\/\/www.pernici.com\/fr\/cereria-pernici-recompensee-aux-b2b-beauty-to-business-awards-2022\/#breadcrumb"},"inLanguage":"fr-FR","potentialAction":[{"@type":"ReadAction","target":["https:\/\/www.pernici.com\/fr\/cereria-pernici-recompensee-aux-b2b-beauty-to-business-awards-2022\/"]}]},{"@type":"ImageObject","inLanguage":"fr-FR","@id":"https:\/\/www.pernici.com\/fr\/cereria-pernici-recompensee-aux-b2b-beauty-to-business-awards-2022\/#primaryimage","url":"https:\/\/www.pernici.com\/wp-content\/uploads\/2022\/05\/1651482715310_blog-scaled.jpg","contentUrl":"https:\/\/www.pernici.com\/wp-content\/uploads\/2022\/05\/1651482715310_blog-scaled.jpg","width":2560,"height":1144},{"@type":"BreadcrumbList","@id":"https:\/\/www.pernici.com\/fr\/cereria-pernici-recompensee-aux-b2b-beauty-to-business-awards-2022\/#breadcrumb","itemListElement":[{"@type":"ListItem","position":1,"name":"Accueil","item":"https:\/\/www.pernici.com\/fr\/"},{"@type":"ListItem","position":2,"name":"Cereria Pernici r\u00e9compens\u00e9e aux B2B Beauty To Business Awards 2022"}]},{"@type":"WebSite","@id":"https:\/\/www.pernici.com\/fr\/#website","url":"https:\/\/www.pernici.com\/fr\/","name":"Cereria Pernici Shop","description":"una candela non illumina soltanto: racconta chi sei ","publisher":{"@id":"https:\/\/www.pernici.com\/fr\/#organization"},"potentialAction":[{"@type":"SearchAction","target":{"@type":"EntryPoint","urlTemplate":"https:\/\/www.pernici.com\/fr\/?s={search_term_string}"},"query-input":{"@type":"PropertyValueSpecification","valueRequired":true,"valueName":"search_term_string"}}],"inLanguage":"fr-FR"},{"@type":"Organization","@id":"https:\/\/www.pernici.com\/fr\/#organization","name":"Cereria Pernici Shop","url":"https:\/\/www.pernici.com\/fr\/","logo":{"@type":"ImageObject","inLanguage":"fr-FR","@id":"https:\/\/www.pernici.com\/fr\/#\/schema\/logo\/image\/","url":"https:\/\/www.pernici.com\/wp-content\/uploads\/2025\/07\/logo_pernici.png","contentUrl":"https:\/\/www.pernici.com\/wp-content\/uploads\/2025\/07\/logo_pernici.png","width":432,"height":189,"caption":"Cereria Pernici Shop"},"image":{"@id":"https:\/\/www.pernici.com\/fr\/#\/schema\/logo\/image\/"},"sameAs":["https:\/\/www.facebook.com\/cereriapernici","https:\/\/www.instagram.com\/cereriapernici\/"]},{"@type":"Person","@id":"https:\/\/www.pernici.com\/fr\/#\/schema\/person\/6fa82366495db82478d05eecd1e0c51a","name":"Cereria Pernici","image":{"@type":"ImageObject","inLanguage":"fr-FR","@id":"https:\/\/www.pernici.com\/wp-content\/litespeed\/avatar\/b112ab9a1dddb382f09be13970ab4efd.jpg?ver=1777283432","url":"https:\/\/www.pernici.com\/wp-content\/litespeed\/avatar\/b112ab9a1dddb382f09be13970ab4efd.jpg?ver=1777283432","contentUrl":"https:\/\/www.pernici.com\/wp-content\/litespeed\/avatar\/b112ab9a1dddb382f09be13970ab4efd.jpg?ver=1777283432","caption":"Cereria Pernici"},"url":"https:\/\/www.pernici.com\/fr\/author\/cereria-pernici\/"}]}},"_links":{"self":[{"href":"https:\/\/www.pernici.com\/fr\/wp-json\/wp\/v2\/posts\/3950","targetHints":{"allow":["GET"]}}],"collection":[{"href":"https:\/\/www.pernici.com\/fr\/wp-json\/wp\/v2\/posts"}],"about":[{"href":"https:\/\/www.pernici.com\/fr\/wp-json\/wp\/v2\/types\/post"}],"author":[{"embeddable":true,"href":"https:\/\/www.pernici.com\/fr\/wp-json\/wp\/v2\/users\/4"}],"replies":[{"embeddable":true,"href":"https:\/\/www.pernici.com\/fr\/wp-json\/wp\/v2\/comments?post=3950"}],"version-history":[{"count":0,"href":"https:\/\/www.pernici.com\/fr\/wp-json\/wp\/v2\/posts\/3950\/revisions"}],"wp:featuredmedia":[{"embeddable":true,"href":"https:\/\/www.pernici.com\/fr\/wp-json\/wp\/v2\/media\/4667"}],"wp:attachment":[{"href":"https:\/\/www.pernici.com\/fr\/wp-json\/wp\/v2\/media?parent=3950"}],"wp:term":[{"taxonomy":"category","embeddable":true,"href":"https:\/\/www.pernici.com\/fr\/wp-json\/wp\/v2\/categories?post=3950"},{"taxonomy":"post_tag","embeddable":true,"href":"https:\/\/www.pernici.com\/fr\/wp-json\/wp\/v2\/tags?post=3950"}],"curies":[{"name":"wp","href":"https:\/\/api.w.org\/{rel}","templated":true}]}}